{"id":1000007988,"date":"2025-04-14T00:00:00","date_gmt":"2025-04-14T00:00:00","guid":{"rendered":"https:\/\/www.steelaindustries.com\/blog\/?p=1000007988"},"modified":"2025-07-14T12:20:43","modified_gmt":"2025-07-14T12:20:43","slug":"analisis-de-la-violencia-hacia-la-ninez-y-adolescencia-en-peru-y-sus-consecuencias-sociales","status":"publish","type":"post","link":"https:\/\/www.steelaindustries.com\/blog\/analisis-de-la-violencia-hacia-la-ninez-y-adolescencia-en-peru-y-sus-consecuencias-sociales\/","title":{"rendered":"An\u00e1lisis de la violencia hacia la ni\u00f1ez y adolescencia en Per\u00fa y sus consecuencias sociales"},"content":{"rendered":"<p>La violencia contra la ni\u00f1ez y adolescencia en Per\u00fa se ha convertido en un fen\u00f3meno alarmante que requiere atenci\u00f3n y an\u00e1lisis profundo. Las estad\u00edsticas reflejan un panorama preocupante, donde la infancias y los adolescentes son v\u00edctimas de diversas formas de agresi\u00f3n, tanto en el entorno familiar como en la sociedad. Este contexto no solo afecta su desarrollo f\u00edsico y emocional, sino que tambi\u00e9n repercute en su formaci\u00f3n como ciudadanos.<\/p>\n<p>En un pa\u00eds donde la violencia tiene m\u00faltiples facetas, desde el maltrato f\u00edsico hasta la explotaci\u00f3n y el abuso sexual, es fundamental investigar las causas y consecuencias que afectan a miles de menores. La ni\u00f1ez y adolescencia representan el futuro de la naci\u00f3n, y su bienestar es un indicador clave para el desarrollo social y econ\u00f3mico. La necesidad de implementar pol\u00edticas efectivas y programas de prevenci\u00f3n es m\u00e1s urgente que nunca.<\/p>\n<p>A trav\u00e9s de este an\u00e1lisis, buscaremos comprender la magnitud de esta problem\u00e1tica, explorar sus or\u00edgenes y proponer alternativas que permitan proteger a las generaciones m\u00e1s j\u00f3venes. Reflexionar sobre la violencia que enfrentan es un primer paso hacia la transformaci\u00f3n necesaria en la sociedad peruana.<\/p>\n<h2>Factores sociales que contribuyen a la violencia en la ni\u00f1ez peruana<\/h2>\n<p>La violencia contra la ni\u00f1ez y adolescencia en Per\u00fa es un fen\u00f3meno que no se puede entender sin considerar los factores sociales que la alimentan. Existen m\u00faltiples elementos que impactan la vida diaria de los menores y que los colocan en situaciones de vulnerabilidad.<\/p>\n<ul>\n<li><strong>Pobreza y desigualdad econ\u00f3mica:<\/strong> La situaci\u00f3n econ\u00f3mica precaria de muchas familias peruanas crea un entorno propicio para la violencia. La falta de recursos limita el acceso a educaci\u00f3n y salud, dejando a los ni\u00f1os expuestos a situaciones de abuso.<\/li>\n<li><strong>Desintegraci\u00f3n familiar:<\/strong> Las familias que enfrentan problemas como el divorcio, la muerte de un progenitor o la migraci\u00f3n dificultan el desarrollo afectivo de los ni\u00f1os. Este ambiente puede llevar a la violencia intrafamiliar, afectando la estabilidad emocional de los menores.<\/li>\n<li><strong>Falta de educaci\u00f3n y concienciaci\u00f3n:<\/strong> Una educaci\u00f3n que no aborda la importancia del respeto y la resoluci\u00f3n pac\u00edfica de conflictos contribuye a perpetuar ciclos de violencia. Muchas comunidades carecen de programas adecuados para ense\u00f1ar habilidades emocionales y sociales a los j\u00f3venes.<\/li>\n<li><strong>Normalizaci\u00f3n de la violencia:<\/strong> En algunas culturas, la violencia es vista como una forma aceptable de resolver conflictos. Esta percepci\u00f3n puede llevar a que tanto ni\u00f1os como adultos consideren el maltrato como un comportamiento normal.<\/li>\n<li><strong>Acceso limitado a servicios de protecci\u00f3n:<\/strong> La infraestructura social en Per\u00fa a menudo no proporciona los recursos necesarios para prevenir y abordar los casos de violencia. Esto incluye la insuficiencia de centros de apoyo y refugios para v\u00edctimas.<\/li>\n<\/ul>\n<p>Estos factores crean un entorno en el que la ni\u00f1ez y adolescencia se ven indefensas ante diversas formas de violencia. La soluci\u00f3n a este problema radica en un profundo an\u00e1lisis de las din\u00e1micas sociales y en la implementaci\u00f3n de pol\u00edticas efectivas que prioricen la protecci\u00f3n y el desarrollo de los menores.<\/p>\n<h2>Consecuencias psicol\u00f3gicas de la violencia en adolescentes en Per\u00fa<\/h2>\n<p>La violencia en la ni\u00f1ez y adolescencia en Per\u00fa ha generado un impacto profundo en la salud mental de los j\u00f3venes. Los adolescentes que han experimentado distintos tipos de violencia, ya sea f\u00edsica, emocional o sexual, suelen desarrollar trastornos psicol\u00f3gicos que perjudican su desarrollo personal y social.<\/p>\n<p>Uno de los efectos m\u00e1s comunes es la aparici\u00f3n de trastornos de ansiedad. Estos j\u00f3venes pueden experimentar crisis de p\u00e1nico, fobias y una constante sensaci\u00f3n de inseguridad. Esto afecta su capacidad para interactuar con sus pares y puede llevar a la evitaci\u00f3n de situaciones sociales.<\/p>\n<p>La depresi\u00f3n es otra consecuencia significativa. Los adolescentes que han vivido situaciones violentas pueden sentirse desolados, desarrollar sentimientos de culpa y tristeza persistente. Estos estados emocionales pueden resultar en un riesgo elevado de suicidio.<\/p>\n<p>Adicionalmente, es frecuente la manifestaci\u00f3n de problemas de autoestima. La violencia puede hacer que los adolescentes se sientan menospreciados, lo que afecta su autoimagen y confianza en s\u00ed mismos. Esto puede llevar a relaciones interpersonales disfuncionales y a una incapacidad para establecer v\u00ednculos sanos.<\/p>\n<p>Los trastornos de conducta son tambi\u00e9n una repercusi\u00f3n de la violencia. Algunos adolescentes pueden desarrollar comportamientos agresivos o delictivos como una forma de lidiar con su dolor y rabia acumulados. Esto no solo pone en riesgo su futuro, sino que tambi\u00e9n crea un ciclo de violencia que afecta a sus comunidades.<\/p>\n<p>La exposici\u00f3n a la violencia durante la ni\u00f1ez y adolescencia en Per\u00fa no solo repercute en el individuo, sino que tambi\u00e9n incide en la cohesi\u00f3n social y el desarrollo del pa\u00eds. Abordar las secuelas psicol\u00f3gicas es fundamental para construir un futuro m\u00e1s seguro y saludable para todos los j\u00f3venes peruanos.<\/p>\n<h2>Programas y pol\u00edticas de prevenci\u00f3n vigentes en Per\u00fa<\/h2>\n<p>En Per\u00fa, la lucha contra la violencia hacia la ni\u00f1ez y la adolescencia ha llevado al desarrollo de diversas iniciativas y pol\u00edticas p\u00fablicas. Uno de los programas m\u00e1s destacados es el Sistema de Protecci\u00f3n Integral de la Ni\u00f1ez y Adolescencia, que busca garantizar los derechos de los menores y prevenir situaciones de riesgo asociadas a la violencia. Este sistema incluye la colaboraci\u00f3n entre el Estado, la sociedad civil y las comunidades.<\/p>\n<p>El Ministerio de la Mujer y Poblaciones Vulnerables implementa talleres y campa\u00f1as de concientizaci\u00f3n que abordan temas relacionados con la violencia familiar y el maltrato infantil. Estas acciones est\u00e1n dise\u00f1adas para educar a los padres y cuidadores sobre la importancia de un entorno seguro y saludable para la ni\u00f1ez y la adolescencia.<\/p>\n<p>Adem\u00e1s, se han establecido mecanismos de atenci\u00f3n para v\u00edctimas de violencia. Los Centros de Emergencia Mujer (CEM) ofrecen apoyo psicol\u00f3gico y legal, as\u00ed como servicios de protecci\u00f3n. A trav\u00e9s de estos centros, se busca facilitar el acceso a justicia y acompa\u00f1amiento a las v\u00edctimas, contribuyendo as\u00ed a la restauraci\u00f3n y a la prevenci\u00f3n de futuras agresiones.<\/p>\n<p>Las pol\u00edticas educativas tambi\u00e9n juegan un rol importante. Se han implementado programas en escuelas que promueven valores de respeto y no violencia entre los estudiantes. Estas iniciativas buscan crear un ambiente escolar inclusivo, fomentando el di\u00e1logo y la resoluci\u00f3n pac\u00edfica de conflictos.<\/p>\n<p>La reciente promulgaci\u00f3n de la Ley N\u00b0 30364, que establece medidas para prevenir, sancionar y erradicar la violencia contra las mujeres y los integrantes del grupo familiar, incluye disposiciones espec\u00edficas para la protecci\u00f3n de la ni\u00f1ez y adolescencia. Esta ley refuerza la obligaci\u00f3n del Estado de proteger a los menores y brinda un marco legal para la denuncia de casos de violencia.<\/p>\n<p>La coordinaci\u00f3n entre diversas instituciones p\u00fablicas y organizaciones no gubernamentales ha permitido el fortalecimiento de estas pol\u00edticas y programas. Sin embargo, persisten desaf\u00edos que requieren un compromiso continuo y una adecuada asignaci\u00f3n de recursos para asegurar el bienestar de la ni\u00f1ez y la adolescencia en el pa\u00eds.<\/p>\n<h2>Recursos disponibles para v\u00edctimas de violencia en el pa\u00eds<\/h2>\n<p>En Per\u00fa, hay una variedad de <strong>recursos<\/strong> destinados a apoyar a las v\u00edctimas de violencia, especialmente en el contexto de la <em>ni\u00f1ez<\/em> y la <em>adolescencia<\/em>. Estas iniciativas son fundamentales para proporcionar un acompa\u00f1amiento integral que incluya apoyo psicol\u00f3gico, jur\u00eddico y social.<\/p>\n<p>Uno de los principales recursos es el <strong>Servicio de Atenci\u00f3n a V\u00edctimas<\/strong>, que ofrece asistencia a menores afectados por situaciones de abuso. Este servicio est\u00e1 disponible en distintas regiones y se enfoca en escuchar y brindar orientaci\u00f3n a las v\u00edctimas.<\/p>\n<p>Las <strong>l\u00edneas de ayuda<\/strong>, como la l\u00ednea 100, son cruciales para ofrecer un canal de comunicaci\u00f3n en situaciones de emergencia. A trav\u00e9s de estas l\u00edneas, las v\u00edctimas pueden recibir asesor\u00eda inmediata y, si es necesario, ser dirigidas a hospitales o centros especializados.<\/p>\n<p>Adem\u00e1s, algunas organizaciones no gubernamentales, como <a href=\"https:\/\/tdh-latinoamerica.com\/\">https:\/\/tdh-latinoamerica.com\/<\/a>, trabajan en el \u00e1mbito de la prevenci\u00f3n y protecci\u00f3n, realizando programas de concienciaci\u00f3n y empoderamiento para comunidades y familias. Estas iniciativas buscan informar sobre los derechos de la <em>ni\u00f1ez<\/em> y c\u00f3mo identificar y actuar frente a situaciones de violencia.<\/p>\n<p>Instituciones como el <strong>Ministerio de la Mujer y Poblaciones Vulnerables<\/strong> tambi\u00e9n juegan un papel importante, ofreciendo capacitaciones y recursos a profesionales y a la comunidad en general, para fortalecer la capacidad de respuesta ante estos casos.<\/p>\n<p>Estos recursos son solo una parte del esfuerzo necesario para enfrentar la violencia contra la <em>ni\u00f1ez<\/em> y la <em>adolescencia<\/em> en Per\u00fa. La colaboraci\u00f3n entre el Estado, la sociedad civil y las familias es fundamental para construir un ambiente seguro y protector para todos los menores.<\/p>\n","protected":false},"excerpt":{"rendered":"<p>La violencia contra la ni\u00f1ez y adolescencia en Per\u00fa se ha convertido en un fen\u00f3meno alarmante que requiere atenci\u00f3n y an\u00e1lisis profundo. Las estad\u00edsticas reflejan un panorama preocupante, donde la infancias y los adolescentes son v\u00edctimas de diversas formas de agresi\u00f3n, tanto en el entorno familiar como en la sociedad. Este contexto no solo afecta [&hellip;]<\/p>\n","protected":false},"author":1,"featured_media":0,"comment_status":"closed","ping_status":"open","sticky":false,"template":"","format":"standard","meta":{"footnotes":""},"categories":[240],"tags":[],"class_list":["post-1000007988","post","type-post","status-publish","format-standard","hentry","category-fintech-3"],"yoast_head":"<!-- This site is optimized with the Yoast SEO plugin v24.2 - https:\/\/yoast.com\/wordpress\/plugins\/seo\/ -->\n<title>An\u00e1lisis de la violencia hacia la ni\u00f1ez y adolescencia en Per\u00fa y sus consecuencias sociales - Steel Furniture Blogs - Steela Industries<\/title>\n<meta name=\"robots\" content=\"index, follow, max-snippet:-1, max-image-preview:large, max-video-preview:-1\" \/>\n<link rel=\"canonical\" href=\"https:\/\/www.steelaindustries.com\/blog\/analisis-de-la-violencia-hacia-la-ninez-y-adolescencia-en-peru-y-sus-consecuencias-sociales\/\" \/>\n<meta property=\"og:locale\" content=\"en_US\" \/>\n<meta property=\"og:type\" content=\"article\" \/>\n<meta property=\"og:title\" content=\"An\u00e1lisis de la violencia hacia la ni\u00f1ez y adolescencia en Per\u00fa y sus consecuencias sociales - Steel Furniture Blogs - Steela Industries\" \/>\n<meta property=\"og:description\" content=\"La violencia contra la ni\u00f1ez y adolescencia en Per\u00fa se ha convertido en un fen\u00f3meno alarmante que requiere atenci\u00f3n y an\u00e1lisis profundo. Las estad\u00edsticas reflejan un panorama preocupante, donde la infancias y los adolescentes son v\u00edctimas de diversas formas de agresi\u00f3n, tanto en el entorno familiar como en la sociedad. Este contexto no solo afecta [&hellip;]\" \/>\n<meta property=\"og:url\" content=\"https:\/\/www.steelaindustries.com\/blog\/analisis-de-la-violencia-hacia-la-ninez-y-adolescencia-en-peru-y-sus-consecuencias-sociales\/\" \/>\n<meta property=\"og:site_name\" content=\"Steel Furniture Blogs - Steela Industries\" \/>\n<meta property=\"article:published_time\" content=\"2025-04-14T00:00:00+00:00\" \/>\n<meta property=\"article:modified_time\" content=\"2025-07-14T12:20:43+00:00\" \/>\n<meta name=\"author\" content=\"admin\" \/>\n<meta name=\"twitter:card\" content=\"summary_large_image\" \/>\n<meta name=\"twitter:label1\" content=\"Written by\" \/>\n\t<meta name=\"twitter:data1\" content=\"admin\" \/>\n\t<meta name=\"twitter:label2\" content=\"Est. reading time\" \/>\n\t<meta name=\"twitter:data2\" content=\"8 minutes\" \/>\n<script type=\"application\/ld+json\" class=\"yoast-schema-graph\">{\"@context\":\"https:\/\/schema.org\",\"@graph\":[{\"@type\":\"WebPage\",\"@id\":\"https:\/\/www.steelaindustries.com\/blog\/analisis-de-la-violencia-hacia-la-ninez-y-adolescencia-en-peru-y-sus-consecuencias-sociales\/\",\"url\":\"https:\/\/www.steelaindustries.com\/blog\/analisis-de-la-violencia-hacia-la-ninez-y-adolescencia-en-peru-y-sus-consecuencias-sociales\/\",\"name\":\"An\u00e1lisis de la violencia hacia la ni\u00f1ez y adolescencia en Per\u00fa y sus consecuencias sociales - Steel Furniture Blogs - Steela Industries\",\"isPartOf\":{\"@id\":\"https:\/\/www.steelaindustries.com\/blog\/#website\"},\"datePublished\":\"2025-04-14T00:00:00+00:00\",\"dateModified\":\"2025-07-14T12:20:43+00:00\",\"author\":{\"@id\":\"https:\/\/www.steelaindustries.com\/blog\/#\/schema\/person\/421031f06e0f81ef683d8b573a91e2dc\"},\"breadcrumb\":{\"@id\":\"https:\/\/www.steelaindustries.com\/blog\/analisis-de-la-violencia-hacia-la-ninez-y-adolescencia-en-peru-y-sus-consecuencias-sociales\/#breadcrumb\"},\"inLanguage\":\"en-US\",\"potentialAction\":[{\"@type\":\"ReadAction\",\"target\":[\"https:\/\/www.steelaindustries.com\/blog\/analisis-de-la-violencia-hacia-la-ninez-y-adolescencia-en-peru-y-sus-consecuencias-sociales\/\"]}]},{\"@type\":\"BreadcrumbList\",\"@id\":\"https:\/\/www.steelaindustries.com\/blog\/analisis-de-la-violencia-hacia-la-ninez-y-adolescencia-en-peru-y-sus-consecuencias-sociales\/#breadcrumb\",\"itemListElement\":[{\"@type\":\"ListItem\",\"position\":1,\"name\":\"Home\",\"item\":\"https:\/\/www.steelaindustries.com\/blog\/\"},{\"@type\":\"ListItem\",\"position\":2,\"name\":\"An\u00e1lisis de la violencia hacia la ni\u00f1ez y adolescencia en Per\u00fa y sus consecuencias sociales\"}]},{\"@type\":\"WebSite\",\"@id\":\"https:\/\/www.steelaindustries.com\/blog\/#website\",\"url\":\"https:\/\/www.steelaindustries.com\/blog\/\",\"name\":\"Steel Furniture Blogs - Steela Industries\",\"description\":\"\",\"potentialAction\":[{\"@type\":\"SearchAction\",\"target\":{\"@type\":\"EntryPoint\",\"urlTemplate\":\"https:\/\/www.steelaindustries.com\/blog\/?s={search_term_string}\"},\"query-input\":{\"@type\":\"PropertyValueSpecification\",\"valueRequired\":true,\"valueName\":\"search_term_string\"}}],\"inLanguage\":\"en-US\"},{\"@type\":\"Person\",\"@id\":\"https:\/\/www.steelaindustries.com\/blog\/#\/schema\/person\/421031f06e0f81ef683d8b573a91e2dc\",\"name\":\"admin\",\"image\":{\"@type\":\"ImageObject\",\"inLanguage\":\"en-US\",\"@id\":\"https:\/\/www.steelaindustries.com\/blog\/#\/schema\/person\/image\/\",\"url\":\"https:\/\/secure.gravatar.com\/avatar\/b9de1763cf20b474e1ccb555285a8b1e1d74d3c1ecdf1d1a7e4a292b2de7b01d?s=96&d=mm&r=g\",\"contentUrl\":\"https:\/\/secure.gravatar.com\/avatar\/b9de1763cf20b474e1ccb555285a8b1e1d74d3c1ecdf1d1a7e4a292b2de7b01d?s=96&d=mm&r=g\",\"caption\":\"admin\"},\"sameAs\":[\"https:\/\/steelaindustries.com\/blog\"],\"url\":\"https:\/\/www.steelaindustries.com\/blog\/author\/admin\/\"}]}<\/script>\n<!-- \/ Yoast SEO plugin. -->","yoast_head_json":{"title":"An\u00e1lisis de la violencia hacia la ni\u00f1ez y adolescencia en Per\u00fa y sus consecuencias sociales - Steel Furniture Blogs - Steela Industries","robots":{"index":"index","follow":"follow","max-snippet":"max-snippet:-1","max-image-preview":"max-image-preview:large","max-video-preview":"max-video-preview:-1"},"canonical":"https:\/\/www.steelaindustries.com\/blog\/analisis-de-la-violencia-hacia-la-ninez-y-adolescencia-en-peru-y-sus-consecuencias-sociales\/","og_locale":"en_US","og_type":"article","og_title":"An\u00e1lisis de la violencia hacia la ni\u00f1ez y adolescencia en Per\u00fa y sus consecuencias sociales - Steel Furniture Blogs - Steela Industries","og_description":"La violencia contra la ni\u00f1ez y adolescencia en Per\u00fa se ha convertido en un fen\u00f3meno alarmante que requiere atenci\u00f3n y an\u00e1lisis profundo. Las estad\u00edsticas reflejan un panorama preocupante, donde la infancias y los adolescentes son v\u00edctimas de diversas formas de agresi\u00f3n, tanto en el entorno familiar como en la sociedad. Este contexto no solo afecta [&hellip;]","og_url":"https:\/\/www.steelaindustries.com\/blog\/analisis-de-la-violencia-hacia-la-ninez-y-adolescencia-en-peru-y-sus-consecuencias-sociales\/","og_site_name":"Steel Furniture Blogs - Steela Industries","article_published_time":"2025-04-14T00:00:00+00:00","article_modified_time":"2025-07-14T12:20:43+00:00","author":"admin","twitter_card":"summary_large_image","twitter_misc":{"Written by":"admin","Est. reading time":"8 minutes"},"schema":{"@context":"https:\/\/schema.org","@graph":[{"@type":"WebPage","@id":"https:\/\/www.steelaindustries.com\/blog\/analisis-de-la-violencia-hacia-la-ninez-y-adolescencia-en-peru-y-sus-consecuencias-sociales\/","url":"https:\/\/www.steelaindustries.com\/blog\/analisis-de-la-violencia-hacia-la-ninez-y-adolescencia-en-peru-y-sus-consecuencias-sociales\/","name":"An\u00e1lisis de la violencia hacia la ni\u00f1ez y adolescencia en Per\u00fa y sus consecuencias sociales - Steel Furniture Blogs - Steela Industries","isPartOf":{"@id":"https:\/\/www.steelaindustries.com\/blog\/#website"},"datePublished":"2025-04-14T00:00:00+00:00","dateModified":"2025-07-14T12:20:43+00:00","author":{"@id":"https:\/\/www.steelaindustries.com\/blog\/#\/schema\/person\/421031f06e0f81ef683d8b573a91e2dc"},"breadcrumb":{"@id":"https:\/\/www.steelaindustries.com\/blog\/analisis-de-la-violencia-hacia-la-ninez-y-adolescencia-en-peru-y-sus-consecuencias-sociales\/#breadcrumb"},"inLanguage":"en-US","potentialAction":[{"@type":"ReadAction","target":["https:\/\/www.steelaindustries.com\/blog\/analisis-de-la-violencia-hacia-la-ninez-y-adolescencia-en-peru-y-sus-consecuencias-sociales\/"]}]},{"@type":"BreadcrumbList","@id":"https:\/\/www.steelaindustries.com\/blog\/analisis-de-la-violencia-hacia-la-ninez-y-adolescencia-en-peru-y-sus-consecuencias-sociales\/#breadcrumb","itemListElement":[{"@type":"ListItem","position":1,"name":"Home","item":"https:\/\/www.steelaindustries.com\/blog\/"},{"@type":"ListItem","position":2,"name":"An\u00e1lisis de la violencia hacia la ni\u00f1ez y adolescencia en Per\u00fa y sus consecuencias sociales"}]},{"@type":"WebSite","@id":"https:\/\/www.steelaindustries.com\/blog\/#website","url":"https:\/\/www.steelaindustries.com\/blog\/","name":"Steel Furniture Blogs - Steela Industries","description":"","potentialAction":[{"@type":"SearchAction","target":{"@type":"EntryPoint","urlTemplate":"https:\/\/www.steelaindustries.com\/blog\/?s={search_term_string}"},"query-input":{"@type":"PropertyValueSpecification","valueRequired":true,"valueName":"search_term_string"}}],"inLanguage":"en-US"},{"@type":"Person","@id":"https:\/\/www.steelaindustries.com\/blog\/#\/schema\/person\/421031f06e0f81ef683d8b573a91e2dc","name":"admin","image":{"@type":"ImageObject","inLanguage":"en-US","@id":"https:\/\/www.steelaindustries.com\/blog\/#\/schema\/person\/image\/","url":"https:\/\/secure.gravatar.com\/avatar\/b9de1763cf20b474e1ccb555285a8b1e1d74d3c1ecdf1d1a7e4a292b2de7b01d?s=96&d=mm&r=g","contentUrl":"https:\/\/secure.gravatar.com\/avatar\/b9de1763cf20b474e1ccb555285a8b1e1d74d3c1ecdf1d1a7e4a292b2de7b01d?s=96&d=mm&r=g","caption":"admin"},"sameAs":["https:\/\/steelaindustries.com\/blog"],"url":"https:\/\/www.steelaindustries.com\/blog\/author\/admin\/"}]}},"_links":{"self":[{"href":"https:\/\/www.steelaindustries.com\/blog\/wp-json\/wp\/v2\/posts\/1000007988","targetHints":{"allow":["GET"]}}],"collection":[{"href":"https:\/\/www.steelaindustries.com\/blog\/wp-json\/wp\/v2\/posts"}],"about":[{"href":"https:\/\/www.steelaindustries.com\/blog\/wp-json\/wp\/v2\/types\/post"}],"author":[{"embeddable":true,"href":"https:\/\/www.steelaindustries.com\/blog\/wp-json\/wp\/v2\/users\/1"}],"replies":[{"embeddable":true,"href":"https:\/\/www.steelaindustries.com\/blog\/wp-json\/wp\/v2\/comments?post=1000007988"}],"version-history":[{"count":1,"href":"https:\/\/www.steelaindustries.com\/blog\/wp-json\/wp\/v2\/posts\/1000007988\/revisions"}],"predecessor-version":[{"id":1000007989,"href":"https:\/\/www.steelaindustries.com\/blog\/wp-json\/wp\/v2\/posts\/1000007988\/revisions\/1000007989"}],"wp:attachment":[{"href":"https:\/\/www.steelaindustries.com\/blog\/wp-json\/wp\/v2\/media?parent=1000007988"}],"wp:term":[{"taxonomy":"category","embeddable":true,"href":"https:\/\/www.steelaindustries.com\/blog\/wp-json\/wp\/v2\/categories?post=1000007988"},{"taxonomy":"post_tag","embeddable":true,"href":"https:\/\/www.steelaindustries.com\/blog\/wp-json\/wp\/v2\/tags?post=1000007988"}],"curies":[{"name":"wp","href":"https:\/\/api.w.org\/{rel}","templated":true}]}}