{"id":1000015404,"date":"2025-05-22T00:00:00","date_gmt":"2025-05-22T00:00:00","guid":{"rendered":"https:\/\/www.steelaindustries.com\/blog\/?p=1000015404"},"modified":"2025-07-30T10:52:53","modified_gmt":"2025-07-30T10:52:53","slug":"comprendre-les-droits-des-interimaires-et-permanents-face-a-l-inaptitude-professionnelle-avec-la-cftc","status":"publish","type":"post","link":"https:\/\/www.steelaindustries.com\/blog\/comprendre-les-droits-des-interimaires-et-permanents-face-a-l-inaptitude-professionnelle-avec-la-cftc\/","title":{"rendered":"Comprendre les droits des int\u00e9rimaires et permanents face \u00e0 l&#8217;inaptitude professionnelle avec la CFTC"},"content":{"rendered":"<p>Dans le cadre des pr\u00e9occupations croissantes autour de la sant\u00e9 au travail, le soutien aux travailleurs qui se trouvent dans des situations compliqu\u00e9es devient un enjeu majeur. Il est fondamental de garantir que chacun, qu&#8217;il soit en mission temporaire ou occupant un poste stabilis\u00e9, se sente valoris\u00e9 et prot\u00e9g\u00e9. Des actions proactives et une information ad\u00e9quate sont n\u00e9cessaires pour renforcer la confiance et la s\u00e9curit\u00e9 au sein des \u00e9quipes.<\/p>\n<p>Les enjeux li\u00e9s \u00e0 la sant\u00e9 des employ\u00e9s doivent \u00eatre abord\u00e9s avec s\u00e9rieux, car ils ont un impact direct sur le bien-\u00eatre g\u00e9n\u00e9ral et la productivit\u00e9. En offrant une assistance cibl\u00e9e, il devient possible de sensibiliser chaque individu \u00e0 ses droits et obligations, ainsi qu&#8217;\u00e0 l&#8217;importance d&#8217;une bonne qualit\u00e9 de vie au travail. Cela contribue \u00e0 cr\u00e9er un environnement o\u00f9 l&#8217;\u00e9panouissement personnel et professionnel est \u00e0 la fois reconnu et encourag\u00e9.<\/p>\n<p>La d\u00e9marche d&#8217;accompagnement doit \u00eatre envisag\u00e9e comme un moyen de promouvoir un dialogue constructif entre les employeurs et les employ\u00e9s. En misant sur la pr\u00e9vention et des solutions adapt\u00e9es, on peut favoriser des conditions optimales pour que chacun puisse \u00e9voluer sereinement dans son activit\u00e9 professionnelle.<\/p>\n<h2>Comment \u00e9valuer l&#8217;inaptitude chez les travailleurs int\u00e9rimaires ?<\/h2>\n<p>L\u2019\u00e9valuation de l\u2019incapacit\u00e9 \u00e0 exercer un emploi chez les travailleurs temporaires n\u00e9cessite une approche rigoureuse et bien structur\u00e9e. Voici quelques \u00e9tapes cl\u00e9s \u00e0 consid\u00e9rer :<\/p>\n<ol>\n<li>\n<p>Analyse des ant\u00e9c\u00e9dents m\u00e9dicaux : recueillir des informations sur l&#8217;\u00e9tat de sant\u00e9 des employ\u00e9s, y compris les maladies chroniques et les accidents ant\u00e9rieurs.<\/p>\n<\/li>\n<li>\n<p>Observation des performances : \u00e9valuer les aptitudes de l&#8217;individu sur le terrain, en pr\u00eatant attention \u00e0 ses capacit\u00e9s et \u00e0 ses limites dans l&#8217;exercice de ses fonctions.<\/p>\n<\/li>\n<li>\n<p>Communication ouverte : encourager un dialogue franc avec le travailleur pour comprendre ses pr\u00e9occupations et ses difficult\u00e9s.<\/p>\n<\/li>\n<li>\n<p>Consultation d&#8217;experts : faire appel \u00e0 des professionnels de la sant\u00e9 pour obtenir des conseils \u00e9clair\u00e9s sur la condition physique et psychologique de l&#8217;individu.<\/p>\n<\/li>\n<\/ol>\n<p>En parall\u00e8le, il est essentiel d&#8217;assurer un <strong>accompagnement<\/strong> ad\u00e9quat tout au long de ce processus. Les entreprises doivent veiller \u00e0 respecter les normes de <strong>sant\u00e9 au travail<\/strong> et \u00e0 fournir des <strong>conseils professionnels<\/strong> afin que chaque salari\u00e9 se sente soutenu.<\/p>\n<p>Pour plus d&#8217;informations et d&#8217;assistance, vous pouvez consulter <a href=\"https:\/\/cftc-manpower.com\/\">https:\/\/cftc-manpower.com\/<\/a>.<\/p>\n<h2>Quelles d\u00e9marches engager pour faire valoir ses droits en cas d&#8217;inaptitude ?<\/h2>\n<p>Face \u00e0 une situation d&#8217;incapacit\u00e9, il est fondamental d&#8217;agir rapidement afin de d\u00e9fendre ses droits en tant que salari\u00e9. La premi\u00e8re \u00e9tape consiste \u00e0 consulter un m\u00e9decin du travail, qui \u00e9valuera votre condition et fournira les recommandations n\u00e9cessaires.<\/p>\n<p>Ensuite, il est conseill\u00e9 de se rapprocher de son syndicat ou d&#8217;organisations d\u00e9di\u00e9es \u00e0 la d\u00e9fense des droits des travailleurs. Ces structures offrent un accompagnement pr\u00e9cieux et des conseils professionnels adapt\u00e9s \u00e0 chaque situation. Elles peuvent aider \u00e0 comprendre les d\u00e9marches administratives \u00e0 suivre et les documents \u00e0 fournir.<\/p>\n<p>Il est \u00e9galement judicieux de rassembler tous les \u00e9l\u00e9ments pertinents li\u00e9s \u00e0 votre emploi, tels que les certificats m\u00e9dicaux et les rapports du m\u00e9decin du travail. Ces documents seront essentiels pour appuyer votre demande et garantir que vos droits soient respect\u00e9s.<\/p>\n<p>Enfin, si un litige survient, il peut \u00eatre n\u00e9cessaire de saisir le conseil de prud&#8217;hommes ou un tribunal comp\u00e9tent. Dans ce cas, l&#8217;assistance d&#8217;un avocat sp\u00e9cialis\u00e9 peut \u00eatre d\u00e9terminante pour d\u00e9fendre vos int\u00e9r\u00eats.<\/p>\n<h2>Ressources et soutien disponibles<\/h2>\n<p>Les employ\u00e9s confront\u00e9s \u00e0 des difficult\u00e9s li\u00e9es \u00e0 leur bien-\u00eatre au travail peuvent trouver une multitude de ressources gr\u00e2ce \u00e0 l&#8217;organisation syndicale. Des <strong>conseils professionnels<\/strong> sont offerts pour aider chacun \u00e0 comprendre ses <strong>droits des travailleurs<\/strong> et \u00e0 naviguer dans les d\u00e9marches administratives.<\/p>\n<p>Des ateliers et des formations sont r\u00e9guli\u00e8rement organis\u00e9s, permettant aux salari\u00e9s de se familiariser avec les l\u00e9gislations en vigueur. Ces sessions abordent des th\u00e8mes tels que la <em>sant\u00e9 au travail<\/em>, les obligations des employeurs et les recours possibles en cas de litige.<\/p>\n<p>Des conseillers sp\u00e9cialis\u00e9s sont \u00e9galement disponibles pour apporter un soutien personnalis\u00e9. Ils restent \u00e0 l&#8217;\u00e9coute et fournissent des indications pr\u00e9cises sur la mani\u00e8re de g\u00e9rer une situation complexe, en veillant \u00e0 ce que les droits soient respect\u00e9s et les conditions de travail pr\u00e9serv\u00e9es.<\/p>\n<p>En outre, un acc\u00e8s \u00e0 des documents juridiques et \u00e0 des ressources informatives en ligne permet aux individus d&#8217;approfondir leurs connaissances. C&#8217;est un outil pr\u00e9cieux pour prendre des d\u00e9cisions \u00e9clair\u00e9es et d\u00e9fendre ses int\u00e9r\u00eats dans le milieu professionnel.<\/p>\n<h2>Pr\u00e9vention de l&#8217;inaptitude : strat\u00e9gies \u00e0 adopter en entreprise<\/h2>\n<p>La pr\u00e9vention des situations pouvant mener \u00e0 l&#8217;incapacit\u00e9 de travail est un enjeu crucial pour toute organisation. Pour assurer le bien-\u00eatre de vos collaborateurs, il est essentiel d&#8217;int\u00e9grer des actions pr\u00e9ventives dans la culture d&#8217;entreprise.<\/p>\n<p>Un accompagnement adapt\u00e9 est fondamental. Offrir des conseils professionnels aux employ\u00e9s les aide \u00e0 mieux g\u00e9rer leur stress et \u00e0 am\u00e9liorer leur qualit\u00e9 de vie au travail. De plus, la mise en place de formations au bien-\u00eatre, au management du stress et \u00e0 l&#8217;\u00e9quilibre entre vie professionnelle et personnelle peut \u00eatre b\u00e9n\u00e9fique.<\/p>\n<p>Il est \u00e9galement primordial d&#8217;\u00e9tablir un dialogue ouvert et r\u00e9gulier avec les salari\u00e9s afin de cr\u00e9er un climat de confiance. Ils doivent \u00eatre inform\u00e9s de leurs droits et des ressources disponibles pour les soutenir en cas de besoin. La sensibilisation aux droits des travailleurs contribue \u00e0 une meilleure compr\u00e9hension des d\u00e9marches \u00e0 suivre en cas de difficult\u00e9s.<\/p>\n<table>\n<tr>\n<th>Strat\u00e9gies de pr\u00e9vention<\/th>\n<th>Objectifs<\/th>\n<\/tr>\n<tr>\n<td>Formation \u00e0 la gestion du stress<\/td>\n<td>R\u00e9duction des risques psychosociaux<\/td>\n<\/tr>\n<tr>\n<td>Ateliers de bien-\u00eatre<\/td>\n<td>Am\u00e9liorer la qualit\u00e9 de vie au travail<\/td>\n<\/tr>\n<tr>\n<td>Dialogue social renforc\u00e9<\/td>\n<td>Cr\u00e9ation d&#8217;un climat de confiance<\/td>\n<\/tr>\n<tr>\n<td>Information sur les droits des travailleurs<\/td>\n<td>Empowerment des employ\u00e9s<\/td>\n<\/tr>\n<\/table>\n<p>En mettant en \u0153uvre ces strat\u00e9gies, les entreprises peuvent non seulement pr\u00e9venir les situations d&#8217;incapacit\u00e9, mais aussi favoriser un environnement de travail sain et productive, o\u00f9 chacun se sent valoris\u00e9 et soutenu.<\/p>\n","protected":false},"excerpt":{"rendered":"<p>Dans le cadre des pr\u00e9occupations croissantes autour de la sant\u00e9 au travail, le soutien aux travailleurs qui se trouvent dans des situations compliqu\u00e9es devient un enjeu majeur. Il est fondamental de garantir que chacun, qu&#8217;il soit en mission temporaire ou occupant un poste stabilis\u00e9, se sente valoris\u00e9 et prot\u00e9g\u00e9. Des actions proactives et une information [&hellip;]<\/p>\n","protected":false},"author":1,"featured_media":0,"comment_status":"closed","ping_status":"open","sticky":false,"template":"","format":"standard","meta":{"footnotes":""},"categories":[199],"tags":[],"class_list":["post-1000015404","post","type-post","status-publish","format-standard","hentry","category-bookcase"],"yoast_head":"<!-- This site is optimized with the Yoast SEO plugin v24.2 - https:\/\/yoast.com\/wordpress\/plugins\/seo\/ -->\n<title>Comprendre les droits des int\u00e9rimaires et permanents face \u00e0 l&#039;inaptitude professionnelle avec la CFTC - Steel Furniture Blogs - Steela Industries<\/title>\n<meta name=\"robots\" content=\"index, follow, max-snippet:-1, max-image-preview:large, max-video-preview:-1\" \/>\n<link rel=\"canonical\" href=\"https:\/\/www.steelaindustries.com\/blog\/comprendre-les-droits-des-interimaires-et-permanents-face-a-l-inaptitude-professionnelle-avec-la-cftc\/\" \/>\n<meta property=\"og:locale\" content=\"en_US\" \/>\n<meta property=\"og:type\" content=\"article\" \/>\n<meta property=\"og:title\" content=\"Comprendre les droits des int\u00e9rimaires et permanents face \u00e0 l&#039;inaptitude professionnelle avec la CFTC - Steel Furniture Blogs - Steela Industries\" \/>\n<meta property=\"og:description\" content=\"Dans le cadre des pr\u00e9occupations croissantes autour de la sant\u00e9 au travail, le soutien aux travailleurs qui se trouvent dans des situations compliqu\u00e9es devient un enjeu majeur. Il est fondamental de garantir que chacun, qu&#8217;il soit en mission temporaire ou occupant un poste stabilis\u00e9, se sente valoris\u00e9 et prot\u00e9g\u00e9. Des actions proactives et une information [&hellip;]\" \/>\n<meta property=\"og:url\" content=\"https:\/\/www.steelaindustries.com\/blog\/comprendre-les-droits-des-interimaires-et-permanents-face-a-l-inaptitude-professionnelle-avec-la-cftc\/\" \/>\n<meta property=\"og:site_name\" content=\"Steel Furniture Blogs - Steela Industries\" \/>\n<meta property=\"article:published_time\" content=\"2025-05-22T00:00:00+00:00\" \/>\n<meta property=\"article:modified_time\" content=\"2025-07-30T10:52:53+00:00\" \/>\n<meta name=\"author\" content=\"admin\" \/>\n<meta name=\"twitter:card\" content=\"summary_large_image\" \/>\n<meta name=\"twitter:label1\" content=\"Written by\" \/>\n\t<meta name=\"twitter:data1\" content=\"admin\" \/>\n\t<meta name=\"twitter:label2\" content=\"Est. reading time\" \/>\n\t<meta name=\"twitter:data2\" content=\"5 minutes\" \/>\n<script type=\"application\/ld+json\" class=\"yoast-schema-graph\">{\"@context\":\"https:\/\/schema.org\",\"@graph\":[{\"@type\":\"WebPage\",\"@id\":\"https:\/\/www.steelaindustries.com\/blog\/comprendre-les-droits-des-interimaires-et-permanents-face-a-l-inaptitude-professionnelle-avec-la-cftc\/\",\"url\":\"https:\/\/www.steelaindustries.com\/blog\/comprendre-les-droits-des-interimaires-et-permanents-face-a-l-inaptitude-professionnelle-avec-la-cftc\/\",\"name\":\"Comprendre les droits des int\u00e9rimaires et permanents face \u00e0 l'inaptitude professionnelle avec la CFTC - Steel Furniture Blogs - Steela Industries\",\"isPartOf\":{\"@id\":\"https:\/\/www.steelaindustries.com\/blog\/#website\"},\"datePublished\":\"2025-05-22T00:00:00+00:00\",\"dateModified\":\"2025-07-30T10:52:53+00:00\",\"author\":{\"@id\":\"https:\/\/www.steelaindustries.com\/blog\/#\/schema\/person\/421031f06e0f81ef683d8b573a91e2dc\"},\"breadcrumb\":{\"@id\":\"https:\/\/www.steelaindustries.com\/blog\/comprendre-les-droits-des-interimaires-et-permanents-face-a-l-inaptitude-professionnelle-avec-la-cftc\/#breadcrumb\"},\"inLanguage\":\"en-US\",\"potentialAction\":[{\"@type\":\"ReadAction\",\"target\":[\"https:\/\/www.steelaindustries.com\/blog\/comprendre-les-droits-des-interimaires-et-permanents-face-a-l-inaptitude-professionnelle-avec-la-cftc\/\"]}]},{\"@type\":\"BreadcrumbList\",\"@id\":\"https:\/\/www.steelaindustries.com\/blog\/comprendre-les-droits-des-interimaires-et-permanents-face-a-l-inaptitude-professionnelle-avec-la-cftc\/#breadcrumb\",\"itemListElement\":[{\"@type\":\"ListItem\",\"position\":1,\"name\":\"Home\",\"item\":\"https:\/\/www.steelaindustries.com\/blog\/\"},{\"@type\":\"ListItem\",\"position\":2,\"name\":\"Comprendre les droits des int\u00e9rimaires et permanents face \u00e0 l&#8217;inaptitude professionnelle avec la CFTC\"}]},{\"@type\":\"WebSite\",\"@id\":\"https:\/\/www.steelaindustries.com\/blog\/#website\",\"url\":\"https:\/\/www.steelaindustries.com\/blog\/\",\"name\":\"Steel Furniture Blogs - Steela Industries\",\"description\":\"\",\"potentialAction\":[{\"@type\":\"SearchAction\",\"target\":{\"@type\":\"EntryPoint\",\"urlTemplate\":\"https:\/\/www.steelaindustries.com\/blog\/?s={search_term_string}\"},\"query-input\":{\"@type\":\"PropertyValueSpecification\",\"valueRequired\":true,\"valueName\":\"search_term_string\"}}],\"inLanguage\":\"en-US\"},{\"@type\":\"Person\",\"@id\":\"https:\/\/www.steelaindustries.com\/blog\/#\/schema\/person\/421031f06e0f81ef683d8b573a91e2dc\",\"name\":\"admin\",\"image\":{\"@type\":\"ImageObject\",\"inLanguage\":\"en-US\",\"@id\":\"https:\/\/www.steelaindustries.com\/blog\/#\/schema\/person\/image\/\",\"url\":\"https:\/\/secure.gravatar.com\/avatar\/b9de1763cf20b474e1ccb555285a8b1e1d74d3c1ecdf1d1a7e4a292b2de7b01d?s=96&d=mm&r=g\",\"contentUrl\":\"https:\/\/secure.gravatar.com\/avatar\/b9de1763cf20b474e1ccb555285a8b1e1d74d3c1ecdf1d1a7e4a292b2de7b01d?s=96&d=mm&r=g\",\"caption\":\"admin\"},\"sameAs\":[\"https:\/\/steelaindustries.com\/blog\"],\"url\":\"https:\/\/www.steelaindustries.com\/blog\/author\/admin\/\"}]}<\/script>\n<!-- \/ Yoast SEO plugin. -->","yoast_head_json":{"title":"Comprendre les droits des int\u00e9rimaires et permanents face \u00e0 l'inaptitude professionnelle avec la CFTC - Steel Furniture Blogs - Steela Industries","robots":{"index":"index","follow":"follow","max-snippet":"max-snippet:-1","max-image-preview":"max-image-preview:large","max-video-preview":"max-video-preview:-1"},"canonical":"https:\/\/www.steelaindustries.com\/blog\/comprendre-les-droits-des-interimaires-et-permanents-face-a-l-inaptitude-professionnelle-avec-la-cftc\/","og_locale":"en_US","og_type":"article","og_title":"Comprendre les droits des int\u00e9rimaires et permanents face \u00e0 l'inaptitude professionnelle avec la CFTC - Steel Furniture Blogs - Steela Industries","og_description":"Dans le cadre des pr\u00e9occupations croissantes autour de la sant\u00e9 au travail, le soutien aux travailleurs qui se trouvent dans des situations compliqu\u00e9es devient un enjeu majeur. Il est fondamental de garantir que chacun, qu&#8217;il soit en mission temporaire ou occupant un poste stabilis\u00e9, se sente valoris\u00e9 et prot\u00e9g\u00e9. Des actions proactives et une information [&hellip;]","og_url":"https:\/\/www.steelaindustries.com\/blog\/comprendre-les-droits-des-interimaires-et-permanents-face-a-l-inaptitude-professionnelle-avec-la-cftc\/","og_site_name":"Steel Furniture Blogs - Steela Industries","article_published_time":"2025-05-22T00:00:00+00:00","article_modified_time":"2025-07-30T10:52:53+00:00","author":"admin","twitter_card":"summary_large_image","twitter_misc":{"Written by":"admin","Est. reading time":"5 minutes"},"schema":{"@context":"https:\/\/schema.org","@graph":[{"@type":"WebPage","@id":"https:\/\/www.steelaindustries.com\/blog\/comprendre-les-droits-des-interimaires-et-permanents-face-a-l-inaptitude-professionnelle-avec-la-cftc\/","url":"https:\/\/www.steelaindustries.com\/blog\/comprendre-les-droits-des-interimaires-et-permanents-face-a-l-inaptitude-professionnelle-avec-la-cftc\/","name":"Comprendre les droits des int\u00e9rimaires et permanents face \u00e0 l'inaptitude professionnelle avec la CFTC - Steel Furniture Blogs - Steela Industries","isPartOf":{"@id":"https:\/\/www.steelaindustries.com\/blog\/#website"},"datePublished":"2025-05-22T00:00:00+00:00","dateModified":"2025-07-30T10:52:53+00:00","author":{"@id":"https:\/\/www.steelaindustries.com\/blog\/#\/schema\/person\/421031f06e0f81ef683d8b573a91e2dc"},"breadcrumb":{"@id":"https:\/\/www.steelaindustries.com\/blog\/comprendre-les-droits-des-interimaires-et-permanents-face-a-l-inaptitude-professionnelle-avec-la-cftc\/#breadcrumb"},"inLanguage":"en-US","potentialAction":[{"@type":"ReadAction","target":["https:\/\/www.steelaindustries.com\/blog\/comprendre-les-droits-des-interimaires-et-permanents-face-a-l-inaptitude-professionnelle-avec-la-cftc\/"]}]},{"@type":"BreadcrumbList","@id":"https:\/\/www.steelaindustries.com\/blog\/comprendre-les-droits-des-interimaires-et-permanents-face-a-l-inaptitude-professionnelle-avec-la-cftc\/#breadcrumb","itemListElement":[{"@type":"ListItem","position":1,"name":"Home","item":"https:\/\/www.steelaindustries.com\/blog\/"},{"@type":"ListItem","position":2,"name":"Comprendre les droits des int\u00e9rimaires et permanents face \u00e0 l&#8217;inaptitude professionnelle avec la CFTC"}]},{"@type":"WebSite","@id":"https:\/\/www.steelaindustries.com\/blog\/#website","url":"https:\/\/www.steelaindustries.com\/blog\/","name":"Steel Furniture Blogs - Steela Industries","description":"","potentialAction":[{"@type":"SearchAction","target":{"@type":"EntryPoint","urlTemplate":"https:\/\/www.steelaindustries.com\/blog\/?s={search_term_string}"},"query-input":{"@type":"PropertyValueSpecification","valueRequired":true,"valueName":"search_term_string"}}],"inLanguage":"en-US"},{"@type":"Person","@id":"https:\/\/www.steelaindustries.com\/blog\/#\/schema\/person\/421031f06e0f81ef683d8b573a91e2dc","name":"admin","image":{"@type":"ImageObject","inLanguage":"en-US","@id":"https:\/\/www.steelaindustries.com\/blog\/#\/schema\/person\/image\/","url":"https:\/\/secure.gravatar.com\/avatar\/b9de1763cf20b474e1ccb555285a8b1e1d74d3c1ecdf1d1a7e4a292b2de7b01d?s=96&d=mm&r=g","contentUrl":"https:\/\/secure.gravatar.com\/avatar\/b9de1763cf20b474e1ccb555285a8b1e1d74d3c1ecdf1d1a7e4a292b2de7b01d?s=96&d=mm&r=g","caption":"admin"},"sameAs":["https:\/\/steelaindustries.com\/blog"],"url":"https:\/\/www.steelaindustries.com\/blog\/author\/admin\/"}]}},"_links":{"self":[{"href":"https:\/\/www.steelaindustries.com\/blog\/wp-json\/wp\/v2\/posts\/1000015404","targetHints":{"allow":["GET"]}}],"collection":[{"href":"https:\/\/www.steelaindustries.com\/blog\/wp-json\/wp\/v2\/posts"}],"about":[{"href":"https:\/\/www.steelaindustries.com\/blog\/wp-json\/wp\/v2\/types\/post"}],"author":[{"embeddable":true,"href":"https:\/\/www.steelaindustries.com\/blog\/wp-json\/wp\/v2\/users\/1"}],"replies":[{"embeddable":true,"href":"https:\/\/www.steelaindustries.com\/blog\/wp-json\/wp\/v2\/comments?post=1000015404"}],"version-history":[{"count":1,"href":"https:\/\/www.steelaindustries.com\/blog\/wp-json\/wp\/v2\/posts\/1000015404\/revisions"}],"predecessor-version":[{"id":1000015405,"href":"https:\/\/www.steelaindustries.com\/blog\/wp-json\/wp\/v2\/posts\/1000015404\/revisions\/1000015405"}],"wp:attachment":[{"href":"https:\/\/www.steelaindustries.com\/blog\/wp-json\/wp\/v2\/media?parent=1000015404"}],"wp:term":[{"taxonomy":"category","embeddable":true,"href":"https:\/\/www.steelaindustries.com\/blog\/wp-json\/wp\/v2\/categories?post=1000015404"},{"taxonomy":"post_tag","embeddable":true,"href":"https:\/\/www.steelaindustries.com\/blog\/wp-json\/wp\/v2\/tags?post=1000015404"}],"curies":[{"name":"wp","href":"https:\/\/api.w.org\/{rel}","templated":true}]}}